{"id":1477,"date":"2024-05-02T12:27:44","date_gmt":"2024-05-02T11:27:44","guid":{"rendered":"https:\/\/ceesrioja.org\/?p=1477"},"modified":"2024-05-02T12:27:45","modified_gmt":"2024-05-02T11:27:45","slug":"aprendiendo-a-convivir-iii-podcast","status":"publish","type":"post","link":"https:\/\/ceesrioja.org\/?p=1477","title":{"rendered":"\u00abAprendiendo a convivir\u00bb III Podcast"},"content":{"rendered":"\n<p>Ayer d\u00eda 28, como cada \u00faltimo domingo de mes, transmitimos la secci\u00f3n \u00abAprendiendo a Convivir\u00bb dentro del programa \u00abA Vivir La Rioja\u00bb, emitido por la Cadena Ser La Rioja.<\/p>\n\n\n\n<p>Este domingo hablamos sobre la importancia, caracter\u00edsticas y modelo de intervenci\u00f3n de la Educaci\u00f3n Social en Medio Abierto o Educaci\u00f3n de Calle, participando en el programa Davinia Negro, Javier Rodr\u00edguez y Jes\u00fas Alonso.<\/p>\n\n\n\n<p>Se puede descargar el podcast en el siguiente enlace: <a rel=\"noreferrer noopener\" href=\"https:\/\/prisa-es.mc.tritondigital.com\/RADIO_RIOJA_CADENASER_1186_P\/media\/playser\/multimedia\/20244\/26\/1714153669594_1714153674_audio_128.mp3?dist=cadenaser-web-tfp-permanente&amp;&amp;dl=1\" target=\"_blank\">https:\/\/prisa-es.mc.tritondigital.com\/RADIO_RIOJA_CADENASER_1186_P\/media\/playser\/multimedia\/20244\/26\/1714153669594_1714153674_audio_128.mp3?dist=cadenaser-web-tfp-permanente&amp;&amp;dl=1<\/a><\/p>\n\n\n\n<p><\/p>\n","protected":false},"excerpt":{"rendered":"<p>Ayer d\u00eda 28, como cada \u00faltimo domingo de mes, transmitimos la secci\u00f3n \u00abAprendiendo a Convivir\u00bb dentro del programa \u00abA Vivir La Rioja\u00bb, emitido por la Cadena Ser La Rioja. Este domingo hablamos sobre la importancia, caracter\u00edsticas y modelo de intervenci\u00f3n de la Educaci\u00f3n Social en Medio Abierto o Educaci\u00f3n de Calle, participando en el programa [&hellip;]<\/p>\n","protected":false},"author":5,"featured_media":1467,"comment_status":"closed","ping_status":"open","sticky":false,"template":"","format":"aside","meta":{"_et_pb_use_builder":"off","_et_pb_old_content":"","_et_gb_content_width":"","footnotes":""},"categories":[21],"tags":[],"class_list":["post-1477","post","type-post","status-publish","format-aside","has-post-thumbnail","hentry","category-comunicacion","post_format-post-format-aside"],"_links":{"self":[{"href":"https:\/\/ceesrioja.org\/index.php?rest_route=\/wp\/v2\/posts\/1477"}],"collection":[{"href":"https:\/\/ceesrioja.org\/index.php?rest_route=\/wp\/v2\/posts"}],"about":[{"href":"https:\/\/ceesrioja.org\/index.php?rest_route=\/wp\/v2\/types\/post"}],"author":[{"embeddable":true,"href":"https:\/\/ceesrioja.org\/index.php?rest_route=\/wp\/v2\/users\/5"}],"replies":[{"embeddable":true,"href":"https:\/\/ceesrioja.org\/index.php?rest_route=%2Fwp%2Fv2%2Fcomments&post=1477"}],"version-history":[{"count":2,"href":"https:\/\/ceesrioja.org\/index.php?rest_route=\/wp\/v2\/posts\/1477\/revisions"}],"predecessor-version":[{"id":1480,"href":"https:\/\/ceesrioja.org\/index.php?rest_route=\/wp\/v2\/posts\/1477\/revisions\/1480"}],"wp:featuredmedia":[{"embeddable":true,"href":"https:\/\/ceesrioja.org\/index.php?rest_route=\/wp\/v2\/media\/1467"}],"wp:attachment":[{"href":"https:\/\/ceesrioja.org\/index.php?rest_route=%2Fwp%2Fv2%2Fmedia&parent=1477"}],"wp:term":[{"taxonomy":"category","embeddable":true,"href":"https:\/\/ceesrioja.org\/index.php?rest_route=%2Fwp%2Fv2%2Fcategories&post=1477"},{"taxonomy":"post_tag","embeddable":true,"href":"https:\/\/ceesrioja.org\/index.php?rest_route=%2Fwp%2Fv2%2Ftags&post=1477"}],"curies":[{"name":"wp","href":"https:\/\/api.w.org\/{rel}","templated":true}]}}