{"id":1525,"date":"2024-07-04T19:36:52","date_gmt":"2024-07-04T18:36:52","guid":{"rendered":"https:\/\/ceesrioja.org\/?p=1525"},"modified":"2024-07-04T19:40:21","modified_gmt":"2024-07-04T18:40:21","slug":"reunion-con-la-unidad-de-servicios-sociales-del-ayuntamiento-de-logrono","status":"publish","type":"post","link":"https:\/\/ceesrioja.org\/?p=1525","title":{"rendered":"Reuni\u00f3n con la Unidad de Servicios Sociales del Ayuntamiento de Logro\u00f1o"},"content":{"rendered":"\n<p>Laura Ca\u00f1as y Jes\u00fas Alonso, en representaci\u00f3n del CEESRIOJA, se han reunido con Cristina Estenaga, Jefa de Secci\u00f3n de Planificaci\u00f3n y Prestaciones, y con Jes\u00fas Esteban, Director General de Pol\u00edtica de Familia, Servicios Sociales y Discapacidad.  En la reuni\u00f3n se ha comentado la situaci\u00f3n de la Educaci\u00f3n Social en el Ayuntamiento de Logro\u00f1o y en los proyectos municipales, la necesidad de un aumento de Educadoras\/es Sociales para cumplir con la ratio establecida en el Plan Estrat\u00e9gico en vigor y se ha manifestado el apoyo para la inclusi\u00f3n del Grado de Educaci\u00f3n Social en la Universidad de La Rioja por parte de la Unidad de Servicios Sociales.<\/p>\n","protected":false},"excerpt":{"rendered":"<p>Laura Ca\u00f1as y Jes\u00fas Alonso, en representaci\u00f3n del CEESRIOJA, se han reunido con Cristina Estenaga, Jefa de Secci\u00f3n de Planificaci\u00f3n y Prestaciones, y con Jes\u00fas Esteban, Director General de Pol\u00edtica de Familia, Servicios Sociales y Discapacidad. En la reuni\u00f3n se ha comentado la situaci\u00f3n de la Educaci\u00f3n Social en el Ayuntamiento de Logro\u00f1o y en [&hellip;]<\/p>\n","protected":false},"author":5,"featured_media":1527,"comment_status":"closed","ping_status":"open","sticky":false,"template":"","format":"aside","meta":{"_et_pb_use_builder":"off","_et_pb_old_content":"","_et_gb_content_width":"","footnotes":""},"categories":[40,1],"tags":[],"class_list":["post-1525","post","type-post","status-publish","format-aside","has-post-thumbnail","hentry","category-reuniones","category-sin-categoria","post_format-post-format-aside"],"_links":{"self":[{"href":"https:\/\/ceesrioja.org\/index.php?rest_route=\/wp\/v2\/posts\/1525"}],"collection":[{"href":"https:\/\/ceesrioja.org\/index.php?rest_route=\/wp\/v2\/posts"}],"about":[{"href":"https:\/\/ceesrioja.org\/index.php?rest_route=\/wp\/v2\/types\/post"}],"author":[{"embeddable":true,"href":"https:\/\/ceesrioja.org\/index.php?rest_route=\/wp\/v2\/users\/5"}],"replies":[{"embeddable":true,"href":"https:\/\/ceesrioja.org\/index.php?rest_route=%2Fwp%2Fv2%2Fcomments&post=1525"}],"version-history":[{"count":3,"href":"https:\/\/ceesrioja.org\/index.php?rest_route=\/wp\/v2\/posts\/1525\/revisions"}],"predecessor-version":[{"id":1529,"href":"https:\/\/ceesrioja.org\/index.php?rest_route=\/wp\/v2\/posts\/1525\/revisions\/1529"}],"wp:featuredmedia":[{"embeddable":true,"href":"https:\/\/ceesrioja.org\/index.php?rest_route=\/wp\/v2\/media\/1527"}],"wp:attachment":[{"href":"https:\/\/ceesrioja.org\/index.php?rest_route=%2Fwp%2Fv2%2Fmedia&parent=1525"}],"wp:term":[{"taxonomy":"category","embeddable":true,"href":"https:\/\/ceesrioja.org\/index.php?rest_route=%2Fwp%2Fv2%2Fcategories&post=1525"},{"taxonomy":"post_tag","embeddable":true,"href":"https:\/\/ceesrioja.org\/index.php?rest_route=%2Fwp%2Fv2%2Ftags&post=1525"}],"curies":[{"name":"wp","href":"https:\/\/api.w.org\/{rel}","templated":true}]}}