{"id":1611,"date":"2024-10-14T21:44:02","date_gmt":"2024-10-14T20:44:02","guid":{"rendered":"https:\/\/ceesrioja.org\/?p=1611"},"modified":"2024-10-14T21:44:03","modified_gmt":"2024-10-14T20:44:03","slug":"reunion-con-servicios-sociales","status":"publish","type":"post","link":"https:\/\/ceesrioja.org\/?p=1611","title":{"rendered":"Reuni\u00f3n con Servicios Sociales"},"content":{"rendered":"\n<p>Esta ma\u00f1ana se han reunido Tom\u00e1s Latasa y Jes\u00fas Alonso con la Dra. General de Servicios Sociales de La Rioja, Marta G\u00f3mez, para reclamar su apoyo ante Funci\u00f3n P\u00fablica para la modificaci\u00f3n de las Bases para la provisi\u00f3n mediante oposici\u00f3n de dos plazas de educador\/a para el Gobierno de La Rioja.  Tambi\u00e9n se ha solicitado la rectificaci\u00f3n de la licitaci\u00f3n del Servicio de Atenci\u00f3n Residencial a Ni\u00f1os, Ni\u00f1as y Adolescentes sujetos a Protecci\u00f3n por el Gobierno de La Rioja, para que se ajuste al IV Convenio Estatal de Reforma y Protecci\u00f3n.<\/p>\n\n\n\n<p>En ambos casos, desde el CEESRIOJA, reclamamos que s\u00f3lo sea un titulado o habilitado en Educaci\u00f3n Social quien ejerza las funciones que son propias de su profesi\u00f3n.<\/p>\n\n\n\n<p>Hemos aprovechado la reuni\u00f3n para volver a reclamar su apoyo para implementar el Grado de Educaci\u00f3n Social en la UR y ofrecer una formaci\u00f3n espec\u00edfica para impartir a diferentes profesionales con el apoyo de la Consejer\u00eda de Servicios Sociales de La Rioja.<\/p>\n\n\n\n<p><\/p>\n","protected":false},"excerpt":{"rendered":"<p>Esta ma\u00f1ana se han reunido Tom\u00e1s Latasa y Jes\u00fas Alonso con la Dra. General de Servicios Sociales de La Rioja, Marta G\u00f3mez, para reclamar su apoyo ante Funci\u00f3n P\u00fablica para la modificaci\u00f3n de las Bases para la provisi\u00f3n mediante oposici\u00f3n de dos plazas de educador\/a para el Gobierno de La Rioja. Tambi\u00e9n se ha solicitado [&hellip;]<\/p>\n","protected":false},"author":5,"featured_media":1609,"comment_status":"closed","ping_status":"open","sticky":false,"template":"","format":"aside","meta":{"_et_pb_use_builder":"off","_et_pb_old_content":"","_et_gb_content_width":"","footnotes":""},"categories":[35,40],"tags":[],"class_list":["post-1611","post","type-post","status-publish","format-aside","has-post-thumbnail","hentry","category-oposiciones","category-reuniones","post_format-post-format-aside"],"_links":{"self":[{"href":"https:\/\/ceesrioja.org\/index.php?rest_route=\/wp\/v2\/posts\/1611"}],"collection":[{"href":"https:\/\/ceesrioja.org\/index.php?rest_route=\/wp\/v2\/posts"}],"about":[{"href":"https:\/\/ceesrioja.org\/index.php?rest_route=\/wp\/v2\/types\/post"}],"author":[{"embeddable":true,"href":"https:\/\/ceesrioja.org\/index.php?rest_route=\/wp\/v2\/users\/5"}],"replies":[{"embeddable":true,"href":"https:\/\/ceesrioja.org\/index.php?rest_route=%2Fwp%2Fv2%2Fcomments&post=1611"}],"version-history":[{"count":1,"href":"https:\/\/ceesrioja.org\/index.php?rest_route=\/wp\/v2\/posts\/1611\/revisions"}],"predecessor-version":[{"id":1612,"href":"https:\/\/ceesrioja.org\/index.php?rest_route=\/wp\/v2\/posts\/1611\/revisions\/1612"}],"wp:featuredmedia":[{"embeddable":true,"href":"https:\/\/ceesrioja.org\/index.php?rest_route=\/wp\/v2\/media\/1609"}],"wp:attachment":[{"href":"https:\/\/ceesrioja.org\/index.php?rest_route=%2Fwp%2Fv2%2Fmedia&parent=1611"}],"wp:term":[{"taxonomy":"category","embeddable":true,"href":"https:\/\/ceesrioja.org\/index.php?rest_route=%2Fwp%2Fv2%2Fcategories&post=1611"},{"taxonomy":"post_tag","embeddable":true,"href":"https:\/\/ceesrioja.org\/index.php?rest_route=%2Fwp%2Fv2%2Ftags&post=1611"}],"curies":[{"name":"wp","href":"https:\/\/api.w.org\/{rel}","templated":true}]}}