{"id":1620,"date":"2024-10-29T16:49:54","date_gmt":"2024-10-29T15:49:54","guid":{"rendered":"https:\/\/ceesrioja.org\/?p=1620"},"modified":"2024-10-29T16:50:43","modified_gmt":"2024-10-29T15:50:43","slug":"podcast-del-sistema-de-proteccion-a-un-futuro-de-exito","status":"publish","type":"post","link":"https:\/\/ceesrioja.org\/?p=1620","title":{"rendered":"Podcast \u00abDel Sistema de Protecci\u00f3n a un futuro de \u00e9xito\u00bb"},"content":{"rendered":"\n<p>El pasado domingo d\u00eda 27, emitimos un nuevo podcast de la secci\u00f3n \u00abAprendiendo a convivir\u00bb, en el que participaron nuestra Secretaria Noelia Fuente, junto con la Educadora Social Erika Picado y la joven modelo Beatrice Monda.<\/p>\n\n\n\n<p>En esta ocasi\u00f3n se habl\u00f3 sobre la Educaci\u00f3n Social en el Sistema de Protecci\u00f3n de Menores, contando con la experiencia de una persona, que como muchas otras, han logrado construirse un futuro de \u00e9xito tras su paso por estos recursos.<\/p>\n\n\n\n<p>Puedes acceder al podcast en el siguiente enlace: <a href=\"https:\/\/cadenaser.com\/\/audio\/1729958044623?ssm=whatsapp\">https:\/\/cadenaser.com\/\/audio\/1729958044623?ssm=whatsapp<\/a><\/p>\n","protected":false},"excerpt":{"rendered":"<p>El pasado domingo d\u00eda 27, emitimos un nuevo podcast de la secci\u00f3n \u00abAprendiendo a convivir\u00bb, en el que participaron nuestra Secretaria Noelia Fuente, junto con la Educadora Social Erika Picado y la joven modelo Beatrice Monda. En esta ocasi\u00f3n se habl\u00f3 sobre la Educaci\u00f3n Social en el Sistema de Protecci\u00f3n de Menores, contando con la [&hellip;]<\/p>\n","protected":false},"author":5,"featured_media":1618,"comment_status":"closed","ping_status":"open","sticky":false,"template":"","format":"aside","meta":{"_et_pb_use_builder":"off","_et_pb_old_content":"","_et_gb_content_width":"","footnotes":""},"categories":[1],"tags":[],"class_list":["post-1620","post","type-post","status-publish","format-aside","has-post-thumbnail","hentry","category-sin-categoria","post_format-post-format-aside"],"_links":{"self":[{"href":"https:\/\/ceesrioja.org\/index.php?rest_route=\/wp\/v2\/posts\/1620"}],"collection":[{"href":"https:\/\/ceesrioja.org\/index.php?rest_route=\/wp\/v2\/posts"}],"about":[{"href":"https:\/\/ceesrioja.org\/index.php?rest_route=\/wp\/v2\/types\/post"}],"author":[{"embeddable":true,"href":"https:\/\/ceesrioja.org\/index.php?rest_route=\/wp\/v2\/users\/5"}],"replies":[{"embeddable":true,"href":"https:\/\/ceesrioja.org\/index.php?rest_route=%2Fwp%2Fv2%2Fcomments&post=1620"}],"version-history":[{"count":2,"href":"https:\/\/ceesrioja.org\/index.php?rest_route=\/wp\/v2\/posts\/1620\/revisions"}],"predecessor-version":[{"id":1622,"href":"https:\/\/ceesrioja.org\/index.php?rest_route=\/wp\/v2\/posts\/1620\/revisions\/1622"}],"wp:featuredmedia":[{"embeddable":true,"href":"https:\/\/ceesrioja.org\/index.php?rest_route=\/wp\/v2\/media\/1618"}],"wp:attachment":[{"href":"https:\/\/ceesrioja.org\/index.php?rest_route=%2Fwp%2Fv2%2Fmedia&parent=1620"}],"wp:term":[{"taxonomy":"category","embeddable":true,"href":"https:\/\/ceesrioja.org\/index.php?rest_route=%2Fwp%2Fv2%2Fcategories&post=1620"},{"taxonomy":"post_tag","embeddable":true,"href":"https:\/\/ceesrioja.org\/index.php?rest_route=%2Fwp%2Fv2%2Ftags&post=1620"}],"curies":[{"name":"wp","href":"https:\/\/api.w.org\/{rel}","templated":true}]}}