{"id":1658,"date":"2024-11-26T12:00:38","date_gmt":"2024-11-26T11:00:38","guid":{"rendered":"https:\/\/ceesrioja.org\/?p=1658"},"modified":"2024-11-26T12:31:25","modified_gmt":"2024-11-26T11:31:25","slug":"acto-institucional-con-motivo-de-la-conmemoracion-del-25n","status":"publish","type":"post","link":"https:\/\/ceesrioja.org\/?p=1658","title":{"rendered":"ACTO INSTITUCIONAL CON MOTIVO DE LA CONMEMORACI\u00d3N DEL 25N."},"content":{"rendered":"\n[et_pb_section][et_pb_row][et_pb_column type=\u00bb4_4&#8243;][et_pb_text]<!-- divi:image {\"id\":1659,\"sizeSlug\":\"large\",\"linkDestination\":\"media\"} -->\n<figure class=\"wp-block-image size-large\"><a href=\"https:\/\/ceesrioja.org\/wp-content\/uploads\/2024\/11\/468200804_889563383303203_2416068387973743874_n.jpg\"><img loading=\"lazy\" decoding=\"async\" width=\"1024\" height=\"1024\" src=\"https:\/\/ceesrioja.org\/wp-content\/uploads\/2024\/11\/468200804_889563383303203_2416068387973743874_n-1024x1024.jpg\" alt=\"\" class=\"wp-image-1659\" srcset=\"https:\/\/ceesrioja.org\/wp-content\/uploads\/2024\/11\/468200804_889563383303203_2416068387973743874_n-1024x1024.jpg 1024w, https:\/\/ceesrioja.org\/wp-content\/uploads\/2024\/11\/468200804_889563383303203_2416068387973743874_n-980x980.jpg 980w, https:\/\/ceesrioja.org\/wp-content\/uploads\/2024\/11\/468200804_889563383303203_2416068387973743874_n-480x480.jpg 480w\" sizes=\"(min-width: 0px) and (max-width: 480px) 480px, (min-width: 481px) and (max-width: 980px) 980px, (min-width: 981px) 1024px, 100vw\" \/><\/a><\/figure>\n<!-- \/divi:image -->\n\n<!-- divi:paragraph -->\n<p>Ayer, 25 de Noviembre el Cees Rioja particip\u00f3 en el acto institucional del D\u00eda Internacional Contra la Violencia de G\u00e9nero celebrado y organizado por el ayuntamiento de Logro\u00f1o donde se ha manifestado la repulsa contra esta lacra social.<\/p>\n<!-- \/divi:paragraph -->\n\n<!-- divi:image {\"id\":1660,\"sizeSlug\":\"large\",\"linkDestination\":\"media\"} -->\n<figure class=\"wp-block-image size-large\"><a href=\"https:\/\/ceesrioja.org\/wp-content\/uploads\/2024\/11\/467908049_889563373303204_1756223534386084725_n.jpg\"><img loading=\"lazy\" decoding=\"async\" width=\"1024\" height=\"1024\" src=\"https:\/\/ceesrioja.org\/wp-content\/uploads\/2024\/11\/467908049_889563373303204_1756223534386084725_n-1024x1024.jpg\" alt=\"\" class=\"wp-image-1660\" srcset=\"https:\/\/ceesrioja.org\/wp-content\/uploads\/2024\/11\/467908049_889563373303204_1756223534386084725_n-1024x1024.jpg 1024w, https:\/\/ceesrioja.org\/wp-content\/uploads\/2024\/11\/467908049_889563373303204_1756223534386084725_n-980x980.jpg 980w, https:\/\/ceesrioja.org\/wp-content\/uploads\/2024\/11\/467908049_889563373303204_1756223534386084725_n-480x480.jpg 480w\" sizes=\"(min-width: 0px) and (max-width: 480px) 480px, (min-width: 481px) and (max-width: 980px) 980px, (min-width: 981px) 1024px, 100vw\" \/><\/a><\/figure>\n<!-- \/divi:image -->[\/et_pb_text][\/et_pb_column][\/et_pb_row][\/et_pb_section]\n","protected":false},"excerpt":{"rendered":"<p><div class=\"et_pb_section et_pb_section_0 et_section_regular\" >\n\t\t\t\t\n\t\t\t\t\n\t\t\t\t\n\t\t\t\t\n\t\t\t\t\n\t\t\t\t\n\t\t\t\t\n\t\t\t\t\n\t\t\t\t\n\t\t\t<\/div><div class=\"et_pb_row et_pb_row_0 et_pb_row_empty\">\n\t\t\t\t\n\t\t\t\t\n\t\t\t\t\n\t\t\t\t\n\t\t\t\t\n\t\t\t<\/div><div class=\"et_pb_module et_pb_text et_pb_text_0  et_pb_text_align_left et_pb_bg_layout_light\">\n\t\t\t\t\n\t\t\t\t\n\t\t\t\t\n\t\t\t\t\n\t\t\t\t\n\t\t\t<\/div> Ayer, 25 de Noviembre el Cees Rioja particip\u00f3 en el acto institucional del D\u00eda Internacional Contra la Violencia de G\u00e9nero celebrado y organizado por el ayuntamiento de Logro\u00f1o donde se ha manifestado la repulsa contra esta lacra social.<\/p>\n","protected":false},"author":5,"featured_media":1661,"comment_status":"closed","ping_status":"open","sticky":false,"template":"","format":"aside","meta":{"_et_pb_use_builder":"on","_et_pb_old_content":"<!-- wp:image {\"id\":1659,\"sizeSlug\":\"large\",\"linkDestination\":\"media\"} -->\n<figure class=\"wp-block-image size-large\"><a href=\"https:\/\/ceesrioja.org\/wp-content\/uploads\/2024\/11\/468200804_889563383303203_2416068387973743874_n.jpg\"><img src=\"https:\/\/ceesrioja.org\/wp-content\/uploads\/2024\/11\/468200804_889563383303203_2416068387973743874_n-1024x1024.jpg\" alt=\"\" class=\"wp-image-1659\"\/><\/a><\/figure>\n<!-- \/wp:image -->\n\n<!-- wp:paragraph -->\n<p>Ayer, 25 de Noviembre el Cees Rioja particip\u00f3 en el acto institucional del D\u00eda Internacional Contra la Violencia de G\u00e9nero celebrado y organizado por el ayuntamiento de Logro\u00f1o donde se ha manifestado la repulsa contra esta lacra social.<\/p>\n<!-- \/wp:paragraph -->\n\n<!-- wp:image {\"id\":1660,\"sizeSlug\":\"large\",\"linkDestination\":\"media\"} -->\n<figure class=\"wp-block-image size-large\"><a href=\"https:\/\/ceesrioja.org\/wp-content\/uploads\/2024\/11\/467908049_889563373303204_1756223534386084725_n.jpg\"><img src=\"https:\/\/ceesrioja.org\/wp-content\/uploads\/2024\/11\/467908049_889563373303204_1756223534386084725_n-1024x1024.jpg\" alt=\"\" class=\"wp-image-1660\"\/><\/a><\/figure>\n<!-- \/wp:image -->","_et_gb_content_width":"","footnotes":""},"categories":[1],"tags":[],"class_list":["post-1658","post","type-post","status-publish","format-aside","has-post-thumbnail","hentry","category-sin-categoria","post_format-post-format-aside"],"_links":{"self":[{"href":"https:\/\/ceesrioja.org\/index.php?rest_route=\/wp\/v2\/posts\/1658"}],"collection":[{"href":"https:\/\/ceesrioja.org\/index.php?rest_route=\/wp\/v2\/posts"}],"about":[{"href":"https:\/\/ceesrioja.org\/index.php?rest_route=\/wp\/v2\/types\/post"}],"author":[{"embeddable":true,"href":"https:\/\/ceesrioja.org\/index.php?rest_route=\/wp\/v2\/users\/5"}],"replies":[{"embeddable":true,"href":"https:\/\/ceesrioja.org\/index.php?rest_route=%2Fwp%2Fv2%2Fcomments&post=1658"}],"version-history":[{"count":3,"href":"https:\/\/ceesrioja.org\/index.php?rest_route=\/wp\/v2\/posts\/1658\/revisions"}],"predecessor-version":[{"id":1664,"href":"https:\/\/ceesrioja.org\/index.php?rest_route=\/wp\/v2\/posts\/1658\/revisions\/1664"}],"wp:featuredmedia":[{"embeddable":true,"href":"https:\/\/ceesrioja.org\/index.php?rest_route=\/wp\/v2\/media\/1661"}],"wp:attachment":[{"href":"https:\/\/ceesrioja.org\/index.php?rest_route=%2Fwp%2Fv2%2Fmedia&parent=1658"}],"wp:term":[{"taxonomy":"category","embeddable":true,"href":"https:\/\/ceesrioja.org\/index.php?rest_route=%2Fwp%2Fv2%2Fcategories&post=1658"},{"taxonomy":"post_tag","embeddable":true,"href":"https:\/\/ceesrioja.org\/index.php?rest_route=%2Fwp%2Fv2%2Ftags&post=1658"}],"curies":[{"name":"wp","href":"https:\/\/api.w.org\/{rel}","templated":true}]}}