{"id":1870,"date":"2025-03-13T11:09:30","date_gmt":"2025-03-13T10:09:30","guid":{"rendered":"https:\/\/ceesrioja.org\/?p=1870"},"modified":"2025-03-13T11:22:25","modified_gmt":"2025-03-13T10:22:25","slug":"entrevista-en-el-periodico-el-dia-de-la-rioja","status":"publish","type":"post","link":"https:\/\/ceesrioja.org\/?p=1870","title":{"rendered":"Entrevista en el peri\u00f3dico El D\u00eda de La Rioja"},"content":{"rendered":"\n<p>Ayer, 12 de marzo, se public\u00f3 en el peri\u00f3dico del D\u00eda de La Rioja la entrevista a Noelia Fuente, compa\u00f1era y secretaria de la Junta del CEESRIOJA, en representaci\u00f3n del Colegio mostr\u00f3 nuestro p\u00e9same a la familia de Bel\u00e9n Cort\u00e9s y la exigencia de m\u00e1s medios de seguridad, y la falta de personal cualificado.<\/p>\n","protected":false},"excerpt":{"rendered":"<p>Ayer, 12 de marzo, se public\u00f3 en el peri\u00f3dico del D\u00eda de La Rioja la entrevista a Noelia Fuente, compa\u00f1era y secretaria de la Junta del CEESRIOJA, en representaci\u00f3n del Colegio mostr\u00f3 nuestro p\u00e9same a la familia de Bel\u00e9n Cort\u00e9s y la exigencia de m\u00e1s medios de seguridad, y la falta de personal cualificado.<\/p>\n","protected":false},"author":5,"featured_media":1874,"comment_status":"closed","ping_status":"open","sticky":false,"template":"","format":"aside","meta":{"_et_pb_use_builder":"off","_et_pb_old_content":"","_et_gb_content_width":"","footnotes":""},"categories":[1],"tags":[],"class_list":["post-1870","post","type-post","status-publish","format-aside","has-post-thumbnail","hentry","category-sin-categoria","post_format-post-format-aside"],"_links":{"self":[{"href":"https:\/\/ceesrioja.org\/index.php?rest_route=\/wp\/v2\/posts\/1870"}],"collection":[{"href":"https:\/\/ceesrioja.org\/index.php?rest_route=\/wp\/v2\/posts"}],"about":[{"href":"https:\/\/ceesrioja.org\/index.php?rest_route=\/wp\/v2\/types\/post"}],"author":[{"embeddable":true,"href":"https:\/\/ceesrioja.org\/index.php?rest_route=\/wp\/v2\/users\/5"}],"replies":[{"embeddable":true,"href":"https:\/\/ceesrioja.org\/index.php?rest_route=%2Fwp%2Fv2%2Fcomments&post=1870"}],"version-history":[{"count":1,"href":"https:\/\/ceesrioja.org\/index.php?rest_route=\/wp\/v2\/posts\/1870\/revisions"}],"predecessor-version":[{"id":1872,"href":"https:\/\/ceesrioja.org\/index.php?rest_route=\/wp\/v2\/posts\/1870\/revisions\/1872"}],"wp:featuredmedia":[{"embeddable":true,"href":"https:\/\/ceesrioja.org\/index.php?rest_route=\/wp\/v2\/media\/1874"}],"wp:attachment":[{"href":"https:\/\/ceesrioja.org\/index.php?rest_route=%2Fwp%2Fv2%2Fmedia&parent=1870"}],"wp:term":[{"taxonomy":"category","embeddable":true,"href":"https:\/\/ceesrioja.org\/index.php?rest_route=%2Fwp%2Fv2%2Fcategories&post=1870"},{"taxonomy":"post_tag","embeddable":true,"href":"https:\/\/ceesrioja.org\/index.php?rest_route=%2Fwp%2Fv2%2Ftags&post=1870"}],"curies":[{"name":"wp","href":"https:\/\/api.w.org\/{rel}","templated":true}]}}