{"id":1918,"date":"2025-04-01T11:36:27","date_gmt":"2025-04-01T10:36:27","guid":{"rendered":"https:\/\/ceesrioja.org\/?p=1918"},"modified":"2025-04-01T11:36:28","modified_gmt":"2025-04-01T10:36:28","slug":"podcast-programas-para-la-reinsercion-de-menores","status":"publish","type":"post","link":"https:\/\/ceesrioja.org\/?p=1918","title":{"rendered":"Podcast \u00abProgramas para la reinserci\u00f3n de menores\u00bb"},"content":{"rendered":"\n<p>El domingo 30, se emiti\u00f3 dentro de la secci\u00f3n \u00abAprende a convivir\u00bb de la Cadena SER el podcast donde se visibiliza el trabajo de la educaci\u00f3n social, a trav\u00e9s de los proyectos que se desarrollan desde Fundaci\u00f3n Pioneros,<br>para dan cumplimiento a las medidas judiciales en medio abierto de justicia juvenil.<\/p>\n\n\n\n<p>Podcast completo:<a href=\"https:\/\/cadenaser.com\/rioja\/2025\/03\/30\/aprende-a-convivir-programas-para-la-reinsercion-de-menores-radio-rioja\/?fbclid=IwY2xjawJYoI5leHRuA2FlbQIxMQABHbGVjxoh_zvgFARWRUjoexoeNzTTNOLodXIoTIltoPTPf2iVrtIafON24A_aem_h9-2IendMnCwpqbBbec4Vw\">https:\/\/cadenaser.com\/rioja\/2025\/03\/30\/aprende-a-convivir-programas-para-la-reinsercion-de-menores-radio-rioja\/?fbclid=IwY2xjawJYoI5leHRuA2FlbQIxMQABHbGVjxoh_zvgFARWRUjoexoeNzTTNOLodXIoTIltoPTPf2iVrtIafON24A_aem_h9-2IendMnCwpqbBbec4Vw<\/a><\/p>\n","protected":false},"excerpt":{"rendered":"<p>El domingo 30, se emiti\u00f3 dentro de la secci\u00f3n \u00abAprende a convivir\u00bb de la Cadena SER el podcast donde se visibiliza el trabajo de la educaci\u00f3n social, a trav\u00e9s de los proyectos que se desarrollan desde Fundaci\u00f3n Pioneros,para dan cumplimiento a las medidas judiciales en medio abierto de justicia juvenil. Podcast completo:https:\/\/cadenaser.com\/rioja\/2025\/03\/30\/aprende-a-convivir-programas-para-la-reinsercion-de-menores-radio-rioja\/?fbclid=IwY2xjawJYoI5leHRuA2FlbQIxMQABHbGVjxoh_zvgFARWRUjoexoeNzTTNOLodXIoTIltoPTPf2iVrtIafON24A_aem_h9-2IendMnCwpqbBbec4Vw<\/p>\n","protected":false},"author":5,"featured_media":1919,"comment_status":"closed","ping_status":"open","sticky":false,"template":"","format":"aside","meta":{"_et_pb_use_builder":"off","_et_pb_old_content":"","_et_gb_content_width":"","footnotes":""},"categories":[1],"tags":[],"class_list":["post-1918","post","type-post","status-publish","format-aside","has-post-thumbnail","hentry","category-sin-categoria","post_format-post-format-aside"],"_links":{"self":[{"href":"https:\/\/ceesrioja.org\/index.php?rest_route=\/wp\/v2\/posts\/1918"}],"collection":[{"href":"https:\/\/ceesrioja.org\/index.php?rest_route=\/wp\/v2\/posts"}],"about":[{"href":"https:\/\/ceesrioja.org\/index.php?rest_route=\/wp\/v2\/types\/post"}],"author":[{"embeddable":true,"href":"https:\/\/ceesrioja.org\/index.php?rest_route=\/wp\/v2\/users\/5"}],"replies":[{"embeddable":true,"href":"https:\/\/ceesrioja.org\/index.php?rest_route=%2Fwp%2Fv2%2Fcomments&post=1918"}],"version-history":[{"count":1,"href":"https:\/\/ceesrioja.org\/index.php?rest_route=\/wp\/v2\/posts\/1918\/revisions"}],"predecessor-version":[{"id":1920,"href":"https:\/\/ceesrioja.org\/index.php?rest_route=\/wp\/v2\/posts\/1918\/revisions\/1920"}],"wp:featuredmedia":[{"embeddable":true,"href":"https:\/\/ceesrioja.org\/index.php?rest_route=\/wp\/v2\/media\/1919"}],"wp:attachment":[{"href":"https:\/\/ceesrioja.org\/index.php?rest_route=%2Fwp%2Fv2%2Fmedia&parent=1918"}],"wp:term":[{"taxonomy":"category","embeddable":true,"href":"https:\/\/ceesrioja.org\/index.php?rest_route=%2Fwp%2Fv2%2Fcategories&post=1918"},{"taxonomy":"post_tag","embeddable":true,"href":"https:\/\/ceesrioja.org\/index.php?rest_route=%2Fwp%2Fv2%2Ftags&post=1918"}],"curies":[{"name":"wp","href":"https:\/\/api.w.org\/{rel}","templated":true}]}}