{"id":1954,"date":"2025-05-08T11:50:44","date_gmt":"2025-05-08T10:50:44","guid":{"rendered":"https:\/\/ceesrioja.org\/?p=1954"},"modified":"2025-05-08T11:50:45","modified_gmt":"2025-05-08T10:50:45","slug":"aprende-a-convivir-la-fundacion-riojana-de-apoyo-a-la-discapacidad","status":"publish","type":"post","link":"https:\/\/ceesrioja.org\/?p=1954","title":{"rendered":"Aprende a Convivir: La Fundaci\u00f3n Riojana de apoyo a la discapacidad"},"content":{"rendered":"\n<p>El domingo se emiti\u00f3 el nuevo podcast, \u00abAprende a Convivir: La Fundaci\u00f3n Riojana de apoyo a la discapacidad\u00bb en cadena SER LA RIOJA.<\/p>\n\n\n\n<p>Los educadores sociales estamos presentes en la Fundaci\u00f3n Riojana de apoyo a la discapacidad. En esta ocasi\u00f3n el Colegio de Educadoras Sociales de La Rioja hemos detallado cu\u00e1l es la labor que realizamos con personas con discapacidad cuya tutela est\u00e1 en manos de la administraci\u00f3n. En esta ocasi\u00f3n la conversaci\u00f3n se centra en los usuarios que <a><\/a>mantienen una vida aut\u00f3noma gracias a la labor de estos profesionales.<\/p>\n\n\n\n<p>Podcast completo: <\/p>\n\n\n\n<p><a href=\"https:\/\/cadenaser.com\/audio\/1745738709971\/?fbclid=IwY2xjawKJa5dleHRuA2FlbQIxMABicmlkETBkZWNwNkVnU1ExeFIwRWlYAR4TQP3RY7wGBiWSFoH4PlVyn78Q_rXshdJRsw33Jz3ZV3EfzH7NjHc1mu4Bgg_aem_bL30Va2Qj8-bSfLPXhHOXg\">https:\/\/cadenaser.com\/audio\/1745738709971\/?fbclid=IwY2xjawKJa5dleHRuA2FlbQIxMABicmlkETBkZWNwNkVnU1ExeFIwRWlYAR4TQP3RY7wGBiWSFoH4PlVyn78Q_rXshdJRsw33Jz3ZV3EfzH7NjHc1mu4Bgg_aem_bL30Va2Qj8-bSfLPXhHOXg<\/a><\/p>\n","protected":false},"excerpt":{"rendered":"<p>El domingo se emiti\u00f3 el nuevo podcast, \u00abAprende a Convivir: La Fundaci\u00f3n Riojana de apoyo a la discapacidad\u00bb en cadena SER LA RIOJA. Los educadores sociales estamos presentes en la Fundaci\u00f3n Riojana de apoyo a la discapacidad. En esta ocasi\u00f3n el Colegio de Educadoras Sociales de La Rioja hemos detallado cu\u00e1l es la labor que [&hellip;]<\/p>\n","protected":false},"author":5,"featured_media":1946,"comment_status":"closed","ping_status":"open","sticky":false,"template":"","format":"aside","meta":{"_et_pb_use_builder":"off","_et_pb_old_content":"","_et_gb_content_width":"","footnotes":""},"categories":[1],"tags":[],"class_list":["post-1954","post","type-post","status-publish","format-aside","has-post-thumbnail","hentry","category-sin-categoria","post_format-post-format-aside"],"_links":{"self":[{"href":"https:\/\/ceesrioja.org\/index.php?rest_route=\/wp\/v2\/posts\/1954"}],"collection":[{"href":"https:\/\/ceesrioja.org\/index.php?rest_route=\/wp\/v2\/posts"}],"about":[{"href":"https:\/\/ceesrioja.org\/index.php?rest_route=\/wp\/v2\/types\/post"}],"author":[{"embeddable":true,"href":"https:\/\/ceesrioja.org\/index.php?rest_route=\/wp\/v2\/users\/5"}],"replies":[{"embeddable":true,"href":"https:\/\/ceesrioja.org\/index.php?rest_route=%2Fwp%2Fv2%2Fcomments&post=1954"}],"version-history":[{"count":1,"href":"https:\/\/ceesrioja.org\/index.php?rest_route=\/wp\/v2\/posts\/1954\/revisions"}],"predecessor-version":[{"id":1955,"href":"https:\/\/ceesrioja.org\/index.php?rest_route=\/wp\/v2\/posts\/1954\/revisions\/1955"}],"wp:featuredmedia":[{"embeddable":true,"href":"https:\/\/ceesrioja.org\/index.php?rest_route=\/wp\/v2\/media\/1946"}],"wp:attachment":[{"href":"https:\/\/ceesrioja.org\/index.php?rest_route=%2Fwp%2Fv2%2Fmedia&parent=1954"}],"wp:term":[{"taxonomy":"category","embeddable":true,"href":"https:\/\/ceesrioja.org\/index.php?rest_route=%2Fwp%2Fv2%2Fcategories&post=1954"},{"taxonomy":"post_tag","embeddable":true,"href":"https:\/\/ceesrioja.org\/index.php?rest_route=%2Fwp%2Fv2%2Ftags&post=1954"}],"curies":[{"name":"wp","href":"https:\/\/api.w.org\/{rel}","templated":true}]}}