{"id":1967,"date":"2025-05-15T13:28:51","date_gmt":"2025-05-15T12:28:51","guid":{"rendered":"https:\/\/ceesrioja.org\/?p=1967"},"modified":"2025-05-15T13:28:52","modified_gmt":"2025-05-15T12:28:52","slug":"reunion-consejeria-servicios-sociales","status":"publish","type":"post","link":"https:\/\/ceesrioja.org\/?p=1967","title":{"rendered":"Reuni\u00f3n Consejer\u00eda Servicios Sociales"},"content":{"rendered":"\n<p>Este jueves Juan Latasa y Jes\u00fas Alonso, en representaci\u00f3n del CEESRIOJA, se han reunido con la Consejera Mar\u00eda Mart\u00edn y las Directoras Generales Marta G\u00f3mez y Ana Zuazo.  <\/p>\n\n\n\n<p>Hemos trasladado las reclamaciones de la\/os educadora\/es sociales en centros de protecci\u00f3n y reforma, realizando funciones que no son propias y estar bajo m\u00ednimos, sin que muchas veces se cubran las bajas.  Hemos reconocido que en la \u00faltima licitaci\u00f3n se ha incluido otro personal para cocina, volviendo a reclamar que se exija la titulaci\u00f3n exclusiva o habilitaci\u00f3n en Educaci\u00f3n Social para nuestros puestos en estas licitaciones, para que los ni\u00f1os, ni\u00f1as y adolescentes reciban la atenci\u00f3n que precisan por el profesional preparado para ello.  Por otra parte hemos seguimos reclamando que se cumpla el ratio de profesionales que marca la Ley 7\/2009, ampl\u00eden las plazas de educaci\u00f3n social en el equipo psicosocial del Juzgado, as\u00ed como integrar profesionales de la Educaci\u00f3n Social en la Mediaci\u00f3n Extrajudicial. <\/p>\n\n\n\n<p>Nos han comentado la dificultad que tienen las empresas en encontrar educadoras\/es sociales, por lo que nos hemos ofrecido a buscar una redacci\u00f3n consensuada para los pliegos de contrataci\u00f3n, creyendo necesario y urgente la implementaci\u00f3n del Grado de Educaci\u00f3n Social en la UR, mostrando su apoyo desde esta Consejer\u00eda.<\/p>\n","protected":false},"excerpt":{"rendered":"<p>Este jueves Juan Latasa y Jes\u00fas Alonso, en representaci\u00f3n del CEESRIOJA, se han reunido con la Consejera Mar\u00eda Mart\u00edn y las Directoras Generales Marta G\u00f3mez y Ana Zuazo. Hemos trasladado las reclamaciones de la\/os educadora\/es sociales en centros de protecci\u00f3n y reforma, realizando funciones que no son propias y estar bajo m\u00ednimos, sin que muchas [&hellip;]<\/p>\n","protected":false},"author":5,"featured_media":1968,"comment_status":"closed","ping_status":"open","sticky":false,"template":"","format":"aside","meta":{"_et_pb_use_builder":"off","_et_pb_old_content":"","_et_gb_content_width":"","footnotes":""},"categories":[40],"tags":[],"class_list":["post-1967","post","type-post","status-publish","format-aside","has-post-thumbnail","hentry","category-reuniones","post_format-post-format-aside"],"_links":{"self":[{"href":"https:\/\/ceesrioja.org\/index.php?rest_route=\/wp\/v2\/posts\/1967"}],"collection":[{"href":"https:\/\/ceesrioja.org\/index.php?rest_route=\/wp\/v2\/posts"}],"about":[{"href":"https:\/\/ceesrioja.org\/index.php?rest_route=\/wp\/v2\/types\/post"}],"author":[{"embeddable":true,"href":"https:\/\/ceesrioja.org\/index.php?rest_route=\/wp\/v2\/users\/5"}],"replies":[{"embeddable":true,"href":"https:\/\/ceesrioja.org\/index.php?rest_route=%2Fwp%2Fv2%2Fcomments&post=1967"}],"version-history":[{"count":1,"href":"https:\/\/ceesrioja.org\/index.php?rest_route=\/wp\/v2\/posts\/1967\/revisions"}],"predecessor-version":[{"id":1969,"href":"https:\/\/ceesrioja.org\/index.php?rest_route=\/wp\/v2\/posts\/1967\/revisions\/1969"}],"wp:featuredmedia":[{"embeddable":true,"href":"https:\/\/ceesrioja.org\/index.php?rest_route=\/wp\/v2\/media\/1968"}],"wp:attachment":[{"href":"https:\/\/ceesrioja.org\/index.php?rest_route=%2Fwp%2Fv2%2Fmedia&parent=1967"}],"wp:term":[{"taxonomy":"category","embeddable":true,"href":"https:\/\/ceesrioja.org\/index.php?rest_route=%2Fwp%2Fv2%2Fcategories&post=1967"},{"taxonomy":"post_tag","embeddable":true,"href":"https:\/\/ceesrioja.org\/index.php?rest_route=%2Fwp%2Fv2%2Ftags&post=1967"}],"curies":[{"name":"wp","href":"https:\/\/api.w.org\/{rel}","templated":true}]}}