{"id":2023,"date":"2025-09-30T10:33:43","date_gmt":"2025-09-30T09:33:43","guid":{"rendered":"https:\/\/ceesrioja.org\/?p=2023"},"modified":"2025-09-30T10:34:18","modified_gmt":"2025-09-30T09:34:18","slug":"entrevista-en-el-periodico-el-dia-de-la-rioja-2","status":"publish","type":"post","link":"https:\/\/ceesrioja.org\/?p=2023","title":{"rendered":"Entrevista en el peri\u00f3dico El D\u00eda de La Rioja"},"content":{"rendered":"\n<p>Ayer, 29 de septiembre se public\u00f3 en el peri\u00f3dico El D\u00eda de La Rioja la entrevista a nuestra presidenta Laura Ca\u00f1as donde planteaba  mejorar el sistema de protecci\u00f3n de menores tutelada.<\/p>\n\n\n\n<p><\/p>\n\n\n\n<figure class=\"wp-block-image size-large\"><a href=\"https:\/\/ceesrioja.org\/wp-content\/uploads\/2025\/09\/261b33e5-e29f-48e5-ac50-67672add0186-rotated.jpg\"><img loading=\"lazy\" decoding=\"async\" width=\"1024\" height=\"576\" src=\"https:\/\/ceesrioja.org\/wp-content\/uploads\/2025\/09\/261b33e5-e29f-48e5-ac50-67672add0186-1024x576.jpg\" alt=\"\" class=\"wp-image-2024\" srcset=\"https:\/\/ceesrioja.org\/wp-content\/uploads\/2025\/09\/261b33e5-e29f-48e5-ac50-67672add0186-980x551.jpg 980w, https:\/\/ceesrioja.org\/wp-content\/uploads\/2025\/09\/261b33e5-e29f-48e5-ac50-67672add0186-480x270.jpg 480w\" sizes=\"(min-width: 0px) and (max-width: 480px) 480px, (min-width: 481px) and (max-width: 980px) 980px, (min-width: 981px) 1024px, 100vw\" \/><\/a><\/figure>\n","protected":false},"excerpt":{"rendered":"<p>Ayer, 29 de septiembre se public\u00f3 en el peri\u00f3dico El D\u00eda de La Rioja la entrevista a nuestra presidenta Laura Ca\u00f1as donde planteaba mejorar el sistema de protecci\u00f3n de menores tutelada.<\/p>\n","protected":false},"author":5,"featured_media":2025,"comment_status":"closed","ping_status":"open","sticky":false,"template":"","format":"aside","meta":{"_et_pb_use_builder":"off","_et_pb_old_content":"","_et_gb_content_width":"","footnotes":""},"categories":[1],"tags":[],"class_list":["post-2023","post","type-post","status-publish","format-aside","has-post-thumbnail","hentry","category-sin-categoria","post_format-post-format-aside"],"_links":{"self":[{"href":"https:\/\/ceesrioja.org\/index.php?rest_route=\/wp\/v2\/posts\/2023"}],"collection":[{"href":"https:\/\/ceesrioja.org\/index.php?rest_route=\/wp\/v2\/posts"}],"about":[{"href":"https:\/\/ceesrioja.org\/index.php?rest_route=\/wp\/v2\/types\/post"}],"author":[{"embeddable":true,"href":"https:\/\/ceesrioja.org\/index.php?rest_route=\/wp\/v2\/users\/5"}],"replies":[{"embeddable":true,"href":"https:\/\/ceesrioja.org\/index.php?rest_route=%2Fwp%2Fv2%2Fcomments&post=2023"}],"version-history":[{"count":2,"href":"https:\/\/ceesrioja.org\/index.php?rest_route=\/wp\/v2\/posts\/2023\/revisions"}],"predecessor-version":[{"id":2027,"href":"https:\/\/ceesrioja.org\/index.php?rest_route=\/wp\/v2\/posts\/2023\/revisions\/2027"}],"wp:featuredmedia":[{"embeddable":true,"href":"https:\/\/ceesrioja.org\/index.php?rest_route=\/wp\/v2\/media\/2025"}],"wp:attachment":[{"href":"https:\/\/ceesrioja.org\/index.php?rest_route=%2Fwp%2Fv2%2Fmedia&parent=2023"}],"wp:term":[{"taxonomy":"category","embeddable":true,"href":"https:\/\/ceesrioja.org\/index.php?rest_route=%2Fwp%2Fv2%2Fcategories&post=2023"},{"taxonomy":"post_tag","embeddable":true,"href":"https:\/\/ceesrioja.org\/index.php?rest_route=%2Fwp%2Fv2%2Ftags&post=2023"}],"curies":[{"name":"wp","href":"https:\/\/api.w.org\/{rel}","templated":true}]}}