{"id":2174,"date":"2026-03-10T11:55:52","date_gmt":"2026-03-10T10:55:52","guid":{"rendered":"https:\/\/ceesrioja.org\/?p=2174"},"modified":"2026-03-10T11:56:56","modified_gmt":"2026-03-10T10:56:56","slug":"asamblea-general-ordinaria","status":"publish","type":"post","link":"https:\/\/ceesrioja.org\/?p=2174","title":{"rendered":"Asamblea General Ordinaria del CGCEES"},"content":{"rendered":"\n<p>Este fin de semana, 6 y 7 de marzo, Juan Latasa y Jes\u00fas Alonso presidente y tesorero del CEESRIOJA respectivamente asistieron a la Asamblea General Ordinaria del CGCEES de 2026 en Madrid donde se aprob\u00f3 la memoria del 2025 y se marcaron las lineas de trabajo de este a\u00f1o en la que proximamente se realizar\u00e1 elecciones de Junta de Gobierno.<\/p>\n\n\n\n<figure class=\"wp-block-image size-large\"><a href=\"https:\/\/ceesrioja.org\/wp-content\/uploads\/2026\/03\/WhatsApp-Image-2026-03-10-at-10.56.57.jpeg\"><img loading=\"lazy\" decoding=\"async\" width=\"788\" height=\"1024\" src=\"https:\/\/ceesrioja.org\/wp-content\/uploads\/2026\/03\/WhatsApp-Image-2026-03-10-at-10.56.57-788x1024.jpeg\" alt=\"\" class=\"wp-image-2175\"\/><\/a><\/figure>\n","protected":false},"excerpt":{"rendered":"<p>Este fin de semana, 6 y 7 de marzo, Juan Latasa y Jes\u00fas Alonso presidente y tesorero del CEESRIOJA respectivamente asistieron a la Asamblea General Ordinaria del CGCEES de 2026 en Madrid donde se aprob\u00f3 la memoria del 2025 y se marcaron las lineas de trabajo de este a\u00f1o en la que proximamente se realizar\u00e1 [&hellip;]<\/p>\n","protected":false},"author":5,"featured_media":2176,"comment_status":"closed","ping_status":"open","sticky":false,"template":"","format":"aside","meta":{"_et_pb_use_builder":"off","_et_pb_old_content":"","_et_gb_content_width":"","footnotes":""},"categories":[1],"tags":[],"class_list":["post-2174","post","type-post","status-publish","format-aside","has-post-thumbnail","hentry","category-sin-categoria","post_format-post-format-aside"],"_links":{"self":[{"href":"https:\/\/ceesrioja.org\/index.php?rest_route=\/wp\/v2\/posts\/2174"}],"collection":[{"href":"https:\/\/ceesrioja.org\/index.php?rest_route=\/wp\/v2\/posts"}],"about":[{"href":"https:\/\/ceesrioja.org\/index.php?rest_route=\/wp\/v2\/types\/post"}],"author":[{"embeddable":true,"href":"https:\/\/ceesrioja.org\/index.php?rest_route=\/wp\/v2\/users\/5"}],"replies":[{"embeddable":true,"href":"https:\/\/ceesrioja.org\/index.php?rest_route=%2Fwp%2Fv2%2Fcomments&post=2174"}],"version-history":[{"count":2,"href":"https:\/\/ceesrioja.org\/index.php?rest_route=\/wp\/v2\/posts\/2174\/revisions"}],"predecessor-version":[{"id":2178,"href":"https:\/\/ceesrioja.org\/index.php?rest_route=\/wp\/v2\/posts\/2174\/revisions\/2178"}],"wp:featuredmedia":[{"embeddable":true,"href":"https:\/\/ceesrioja.org\/index.php?rest_route=\/wp\/v2\/media\/2176"}],"wp:attachment":[{"href":"https:\/\/ceesrioja.org\/index.php?rest_route=%2Fwp%2Fv2%2Fmedia&parent=2174"}],"wp:term":[{"taxonomy":"category","embeddable":true,"href":"https:\/\/ceesrioja.org\/index.php?rest_route=%2Fwp%2Fv2%2Fcategories&post=2174"},{"taxonomy":"post_tag","embeddable":true,"href":"https:\/\/ceesrioja.org\/index.php?rest_route=%2Fwp%2Fv2%2Ftags&post=2174"}],"curies":[{"name":"wp","href":"https:\/\/api.w.org\/{rel}","templated":true}]}}