{"id":2180,"date":"2026-03-10T12:04:50","date_gmt":"2026-03-10T11:04:50","guid":{"rendered":"https:\/\/ceesrioja.org\/?p=2180"},"modified":"2026-03-10T12:04:51","modified_gmt":"2026-03-10T11:04:51","slug":"acto-8m","status":"publish","type":"post","link":"https:\/\/ceesrioja.org\/?p=2180","title":{"rendered":"Acto 8M"},"content":{"rendered":"\n<p>El viernes 6 de marzo acudimos a La Casa de las Ciencias donde se erealiz\u00f3 el acto institucional programado por el Ayuntamiento de Logro\u00f1o para conmemorar el 8M, D\u00eda Internacional de las Mujeres. El acto, abierto por la edil de Igualdad, Celia Sanz, cont\u00f3 con la participaci\u00f3n de varias mujeres referentes en nuestra ciudad en muy distintos \u00e1mbitos. La dise\u00f1adora Sara Mart\u00ednez Maiso, la periodista Olivia Garc\u00eda y la poeta Bego\u00f1a Abad leyeron distintos testimonios inspiradores sobre la necesidad de alcanzar una igualdad real y efectiva en nuestra sociedad.<\/p>\n\n\n\n<figure class=\"wp-block-image size-large\"><a href=\"https:\/\/ceesrioja.org\/wp-content\/uploads\/2026\/03\/WhatsApp-Image-2026-03-10-at-11.26.12-3.jpeg\"><img loading=\"lazy\" decoding=\"async\" width=\"768\" height=\"1024\" src=\"https:\/\/ceesrioja.org\/wp-content\/uploads\/2026\/03\/WhatsApp-Image-2026-03-10-at-11.26.12-3-768x1024.jpeg\" alt=\"\" class=\"wp-image-2184\"\/><\/a><\/figure>\n\n\n\n<figure class=\"wp-block-image size-large\"><a href=\"https:\/\/ceesrioja.org\/wp-content\/uploads\/2026\/03\/WhatsApp-Image-2026-03-10-at-11.26.12-2.jpeg\"><img loading=\"lazy\" decoding=\"async\" width=\"768\" height=\"1024\" src=\"https:\/\/ceesrioja.org\/wp-content\/uploads\/2026\/03\/WhatsApp-Image-2026-03-10-at-11.26.12-2-768x1024.jpeg\" alt=\"\" class=\"wp-image-2183\"\/><\/a><\/figure>\n\n\n\n<figure class=\"wp-block-image size-large\"><a href=\"https:\/\/ceesrioja.org\/wp-content\/uploads\/2026\/03\/WhatsApp-Image-2026-03-10-at-11.26.12-1.jpeg\"><img loading=\"lazy\" decoding=\"async\" width=\"1024\" height=\"768\" src=\"https:\/\/ceesrioja.org\/wp-content\/uploads\/2026\/03\/WhatsApp-Image-2026-03-10-at-11.26.12-1-1024x768.jpeg\" alt=\"\" class=\"wp-image-2181\" srcset=\"https:\/\/ceesrioja.org\/wp-content\/uploads\/2026\/03\/WhatsApp-Image-2026-03-10-at-11.26.12-1-980x735.jpeg 980w, https:\/\/ceesrioja.org\/wp-content\/uploads\/2026\/03\/WhatsApp-Image-2026-03-10-at-11.26.12-1-480x360.jpeg 480w\" sizes=\"(min-width: 0px) and (max-width: 480px) 480px, (min-width: 481px) and (max-width: 980px) 980px, (min-width: 981px) 1024px, 100vw\" \/><\/a><\/figure>\n","protected":false},"excerpt":{"rendered":"<p>El viernes 6 de marzo acudimos a La Casa de las Ciencias donde se erealiz\u00f3 el acto institucional programado por el Ayuntamiento de Logro\u00f1o para conmemorar el 8M, D\u00eda Internacional de las Mujeres. El acto, abierto por la edil de Igualdad, Celia Sanz, cont\u00f3 con la participaci\u00f3n de varias mujeres referentes en nuestra ciudad en [&hellip;]<\/p>\n","protected":false},"author":5,"featured_media":2182,"comment_status":"closed","ping_status":"open","sticky":false,"template":"","format":"aside","meta":{"_et_pb_use_builder":"off","_et_pb_old_content":"","_et_gb_content_width":"","footnotes":""},"categories":[1],"tags":[],"class_list":["post-2180","post","type-post","status-publish","format-aside","has-post-thumbnail","hentry","category-sin-categoria","post_format-post-format-aside"],"_links":{"self":[{"href":"https:\/\/ceesrioja.org\/index.php?rest_route=\/wp\/v2\/posts\/2180"}],"collection":[{"href":"https:\/\/ceesrioja.org\/index.php?rest_route=\/wp\/v2\/posts"}],"about":[{"href":"https:\/\/ceesrioja.org\/index.php?rest_route=\/wp\/v2\/types\/post"}],"author":[{"embeddable":true,"href":"https:\/\/ceesrioja.org\/index.php?rest_route=\/wp\/v2\/users\/5"}],"replies":[{"embeddable":true,"href":"https:\/\/ceesrioja.org\/index.php?rest_route=%2Fwp%2Fv2%2Fcomments&post=2180"}],"version-history":[{"count":1,"href":"https:\/\/ceesrioja.org\/index.php?rest_route=\/wp\/v2\/posts\/2180\/revisions"}],"predecessor-version":[{"id":2185,"href":"https:\/\/ceesrioja.org\/index.php?rest_route=\/wp\/v2\/posts\/2180\/revisions\/2185"}],"wp:featuredmedia":[{"embeddable":true,"href":"https:\/\/ceesrioja.org\/index.php?rest_route=\/wp\/v2\/media\/2182"}],"wp:attachment":[{"href":"https:\/\/ceesrioja.org\/index.php?rest_route=%2Fwp%2Fv2%2Fmedia&parent=2180"}],"wp:term":[{"taxonomy":"category","embeddable":true,"href":"https:\/\/ceesrioja.org\/index.php?rest_route=%2Fwp%2Fv2%2Fcategories&post=2180"},{"taxonomy":"post_tag","embeddable":true,"href":"https:\/\/ceesrioja.org\/index.php?rest_route=%2Fwp%2Fv2%2Ftags&post=2180"}],"curies":[{"name":"wp","href":"https:\/\/api.w.org\/{rel}","templated":true}]}}